{"id":1591,"date":"2026-04-29T11:37:00","date_gmt":"2026-04-29T09:37:00","guid":{"rendered":"https:\/\/kspcieszyn.diecezjabielsko.pl\/?p=1591"},"modified":"2026-04-29T11:37:01","modified_gmt":"2026-04-29T09:37:01","slug":"tydzien-profilaktyki-w-ksp-bezpieczenstwo-w-sieci","status":"publish","type":"post","link":"https:\/\/kspcieszyn.diecezjabielsko.pl\/index.php\/2026\/04\/29\/tydzien-profilaktyki-w-ksp-bezpieczenstwo-w-sieci\/","title":{"rendered":"Tydzie\u0144 Profilaktyki w KSP &#8211; Bezpiecze\u0144stwo w sieci"},"content":{"rendered":"\n[et_pb_section fb_built=&#8221;1&#8243; theme_builder_area=&#8221;post_content&#8221; _builder_version=&#8221;4.27.5&#8243; _module_preset=&#8221;default&#8221;][et_pb_row _builder_version=&#8221;4.27.5&#8243; _module_preset=&#8221;default&#8221; theme_builder_area=&#8221;post_content&#8221;][et_pb_column _builder_version=&#8221;4.27.5&#8243; _module_preset=&#8221;default&#8221; type=&#8221;4_4&#8243; theme_builder_area=&#8221;post_content&#8221;][et_pb_text _builder_version=&#8221;4.27.5&#8243; _module_preset=&#8221;default&#8221; theme_builder_area=&#8221;post_content&#8221; hover_enabled=&#8221;0&#8243; sticky_enabled=&#8221;0&#8243;]<p>DRUGI DZIE\u0143 TYGODNIA PROFILAKTYKI ZA NAMI! &#x1f4bb;&#x1f6e1;&#xfe0f;<br \/>Dzi\u015b wzi\u0119li\u015bmy na warsztat bezpiecze\u0144stwo i relacje w sieci oraz w szkole.&#x1f91d;&#x1f4f1;<br \/>Has\u0142o &#8222;M\u0105dra g\u0142owa \u2013 uwa\u017cno\u015b\u0107, si\u0142a i spok\u00f3j&#8221; w praktyce!<br \/>Co si\u0119 dzia\u0142o w klasach?<br \/>&#x2705; Klasy 1-2: &#8221; Jestem bezpieczny w internecie&#8221; &#x1f310;&#x1f512;<br \/>Najm\u0142odsi intensywnie zastanawiali si\u0119 nad korzy\u015bciami i zagro\u017ceniami p\u0142yn\u0105cymi z dost\u0119pu do internetu. Rozmawiali\u015bmy o silnych has\u0142ach, nieznajomych w sieci i o tym, \u017ce zawsze m\u00f3wimy doros\u0142emu, gdy co\u015b nas niepokoi.<br \/>&#x2705; Klasy 4-6: &#8222;Hejt i inne formy cyberprzemocy&#8221; &#x1f4ac;&#x1f6ab;<br \/>Starsi uczniowie poznawali mechanizmy hejtu. Uczyli\u015bmy si\u0119, \u017ce s\u0142owo w sieci boli tak samo jak na boisku. Dowiedzieli\u015bmy si\u0119 jak reagowa\u0107, gdzie zg\u0142asza\u0107 i dlaczego jeden komentarz &#8222;STOP&#8221; potrafi zatrzyma\u0107 lawin\u0119.<br \/>&#x2705; Klasy 7-8: &#8222;Bullying jako forma przemocy r\u00f3wie\u015bniczej&#8221; &#x1f465;&#x26a0;&#xfe0f;<br \/>Najstarsi rozmawiali powa\u017cnie o wykluczaniu, wy\u015bmiewaniu i presji grupy. Szukali\u015bmy odpowiedzi jak przerwa\u0107 kr\u0105g przemocy i jak by\u0107 wsparciem, a nie milcz\u0105cym \u015bwiadkiem. Bo si\u0142a to reagowanie.<br \/>OGROMNE PODZI\u0118KOWANIA kierujemy do Pana Ireneusza Brachaczek profilaktyka-praktykow.pl za profesjonalne warsztaty, wiedz\u0119, energi\u0119 i zaanga\u017cowanie.&#x1f44f;&#x1f3fb; Uczniowie dostali konkretne narz\u0119dzia do ochrony siebie i innych.<br \/>Wniosek na dzi\u015b: B\u0105d\u017amy uwa\u017cni i dbajmy o siebie nawzajem. &#x1f90d;<\/p>[\/et_pb_text][\/et_pb_column][\/et_pb_row][\/et_pb_section][et_pb_section fb_built=&#8221;1&#8243; theme_builder_area=&#8221;post_content&#8221; _builder_version=&#8221;4.27.5&#8243; _module_preset=&#8221;default&#8221;][et_pb_row _builder_version=&#8221;4.27.5&#8243; _module_preset=&#8221;default&#8221; theme_builder_area=&#8221;post_content&#8221;][et_pb_column _builder_version=&#8221;4.27.5&#8243; _module_preset=&#8221;default&#8221; type=&#8221;4_4&#8243; theme_builder_area=&#8221;post_content&#8221;][et_pb_gallery _builder_version=&#8221;4.27.5&#8243; _module_preset=&#8221;default&#8221; theme_builder_area=&#8221;post_content&#8221; gallery_ids=&#8221;1593,1594,1595,1596,1597,1598,1599,1600,1601,1602,1603,1604&#8243; hover_enabled=&#8221;0&#8243; sticky_enabled=&#8221;0&#8243;][\/et_pb_gallery][\/et_pb_column][\/et_pb_row][\/et_pb_section]\n","protected":false},"excerpt":{"rendered":"<p>DRUGI DZIE\u0143 TYGODNIA PROFILAKTYKI ZA NAMI! &#x1f4bb;&#x1f6e1;&#xfe0f;Dzi\u015b wzi\u0119li\u015bmy na warsztat bezpiecze\u0144stwo i relacje w sieci oraz w szkole.&#x1f91d;&#x1f4f1;Has\u0142o &#8222;M\u0105dra g\u0142owa \u2013 uwa\u017cno\u015b\u0107, si\u0142a i spok\u00f3j&#8221; w praktyce!Co si\u0119 dzia\u0142o w klasach?&#x2705; Klasy 1-2: &#8221; Jestem bezpieczny w internecie&#8221; &#x1f310;&#x1f512;Najm\u0142odsi intensywnie zastanawiali si\u0119 nad korzy\u015bciami i zagro\u017ceniami p\u0142yn\u0105cymi z dost\u0119pu do internetu. Rozmawiali\u015bmy o silnych has\u0142ach, [&hellip;]<\/p>\n","protected":false},"author":5,"featured_media":1593,"comment_status":"closed","ping_status":"open","sticky":false,"template":"","format":"standard","meta":{"_et_pb_use_builder":"on","_et_pb_old_content":"","_et_gb_content_width":"","footnotes":""},"categories":[1,6],"tags":[],"class_list":["post-1591","post","type-post","status-publish","format-standard","has-post-thumbnail","hentry","category-bez-kategorii","category-wydarzenia-szkolne"],"_links":{"self":[{"href":"https:\/\/kspcieszyn.diecezjabielsko.pl\/index.php\/wp-json\/wp\/v2\/posts\/1591","targetHints":{"allow":["GET"]}}],"collection":[{"href":"https:\/\/kspcieszyn.diecezjabielsko.pl\/index.php\/wp-json\/wp\/v2\/posts"}],"about":[{"href":"https:\/\/kspcieszyn.diecezjabielsko.pl\/index.php\/wp-json\/wp\/v2\/types\/post"}],"author":[{"embeddable":true,"href":"https:\/\/kspcieszyn.diecezjabielsko.pl\/index.php\/wp-json\/wp\/v2\/users\/5"}],"replies":[{"embeddable":true,"href":"https:\/\/kspcieszyn.diecezjabielsko.pl\/index.php\/wp-json\/wp\/v2\/comments?post=1591"}],"version-history":[{"count":3,"href":"https:\/\/kspcieszyn.diecezjabielsko.pl\/index.php\/wp-json\/wp\/v2\/posts\/1591\/revisions"}],"predecessor-version":[{"id":1606,"href":"https:\/\/kspcieszyn.diecezjabielsko.pl\/index.php\/wp-json\/wp\/v2\/posts\/1591\/revisions\/1606"}],"wp:featuredmedia":[{"embeddable":true,"href":"https:\/\/kspcieszyn.diecezjabielsko.pl\/index.php\/wp-json\/wp\/v2\/media\/1593"}],"wp:attachment":[{"href":"https:\/\/kspcieszyn.diecezjabielsko.pl\/index.php\/wp-json\/wp\/v2\/media?parent=1591"}],"wp:term":[{"taxonomy":"category","embeddable":true,"href":"https:\/\/kspcieszyn.diecezjabielsko.pl\/index.php\/wp-json\/wp\/v2\/categories?post=1591"},{"taxonomy":"post_tag","embeddable":true,"href":"https:\/\/kspcieszyn.diecezjabielsko.pl\/index.php\/wp-json\/wp\/v2\/tags?post=1591"}],"curies":[{"name":"wp","href":"https:\/\/api.w.org\/{rel}","templated":true}]}}