{"id":1580,"date":"2026-04-29T11:24:38","date_gmt":"2026-04-29T09:24:38","guid":{"rendered":"https:\/\/kspcieszyn.diecezjabielsko.pl\/?p=1580"},"modified":"2026-04-29T11:24:39","modified_gmt":"2026-04-29T09:24:39","slug":"konkurs-jestem-poliglota","status":"publish","type":"post","link":"https:\/\/kspcieszyn.diecezjabielsko.pl\/index.php\/2026\/04\/29\/konkurs-jestem-poliglota\/","title":{"rendered":"Konkurs &#8222;Jestem Poliglot\u0105&#8221;"},"content":{"rendered":"\n[et_pb_section fb_built=&#8221;1&#8243; theme_builder_area=&#8221;post_content&#8221; _builder_version=&#8221;4.27.5&#8243; _module_preset=&#8221;default&#8221;][et_pb_row _builder_version=&#8221;4.27.5&#8243; _module_preset=&#8221;default&#8221; theme_builder_area=&#8221;post_content&#8221;][et_pb_column _builder_version=&#8221;4.27.5&#8243; _module_preset=&#8221;default&#8221; type=&#8221;4_4&#8243; theme_builder_area=&#8221;post_content&#8221;][et_pb_text _builder_version=&#8221;4.27.5&#8243; _module_preset=&#8221;default&#8221; theme_builder_area=&#8221;post_content&#8221; hover_enabled=&#8221;0&#8243; sticky_enabled=&#8221;0&#8243;]<p>W dniu 28 kwietnia w Katolickim Liceum Og\u00f3lnokszta\u0142c\u0105cym, jak co roku, odby\u0142 si\u0119 konkurs j\u0119zyka angielskiego i niemieckiego &#8222;Jestem Poliglot\u0105&#8221;. Mi\u0142o nam poinformowa\u0107, \u017ce zwyci\u0119zczyni\u0105 z cz\u0119\u015bci angielskiej zosta\u0142a nasza uczennica Dominika Gabzdyl! W cz\u0119\u015bci niemieckiej, na trzecim stopniu podium stan\u0105\u0142 Aaron Ostrowski&#x1f973;&#x1f973;&#x1f973;! <br \/>Nasz\u0105 szko\u0142\u0119 reprezentowali r\u00f3wnie\u017c Paulina Knopik (angielski) i Jan Rucha\u0142a (niemiecki) , kt\u00f3rzy tak\u017ce uzyskali bardzo dobre wyniki. <br \/>Wszystkim serdecznie gratulujemy! &#x2764;&#xfe0f;<\/p>[\/et_pb_text][\/et_pb_column][\/et_pb_row][\/et_pb_section][et_pb_section fb_built=&#8221;1&#8243; theme_builder_area=&#8221;post_content&#8221; _builder_version=&#8221;4.27.5&#8243; _module_preset=&#8221;default&#8221;][et_pb_row _builder_version=&#8221;4.27.5&#8243; _module_preset=&#8221;default&#8221; theme_builder_area=&#8221;post_content&#8221;][et_pb_column _builder_version=&#8221;4.27.5&#8243; _module_preset=&#8221;default&#8221; type=&#8221;4_4&#8243; theme_builder_area=&#8221;post_content&#8221;][et_pb_gallery _builder_version=&#8221;4.27.5&#8243; _module_preset=&#8221;default&#8221; theme_builder_area=&#8221;post_content&#8221; gallery_ids=&#8221;1582,1583,1584,1585,1586,1587,1588&#8243; hover_enabled=&#8221;0&#8243; sticky_enabled=&#8221;0&#8243;][\/et_pb_gallery][\/et_pb_column][\/et_pb_row][\/et_pb_section]\n","protected":false},"excerpt":{"rendered":"<p>W dniu 28 kwietnia w Katolickim Liceum Og\u00f3lnokszta\u0142c\u0105cym, jak co roku, odby\u0142 si\u0119 konkurs j\u0119zyka angielskiego i niemieckiego &#8222;Jestem Poliglot\u0105&#8221;. Mi\u0142o nam poinformowa\u0107, \u017ce zwyci\u0119zczyni\u0105 z cz\u0119\u015bci angielskiej zosta\u0142a nasza uczennica Dominika Gabzdyl! W cz\u0119\u015bci niemieckiej, na trzecim stopniu podium stan\u0105\u0142 Aaron Ostrowski&#x1f973;&#x1f973;&#x1f973;! Nasz\u0105 szko\u0142\u0119 reprezentowali r\u00f3wnie\u017c Paulina Knopik (angielski) i Jan Rucha\u0142a (niemiecki) , [&hellip;]<\/p>\n","protected":false},"author":5,"featured_media":1585,"comment_status":"closed","ping_status":"open","sticky":false,"template":"","format":"standard","meta":{"_et_pb_use_builder":"on","_et_pb_old_content":"","_et_gb_content_width":"","footnotes":""},"categories":[7,6],"tags":[],"class_list":["post-1580","post","type-post","status-publish","format-standard","has-post-thumbnail","hentry","category-konkursy","category-wydarzenia-szkolne"],"_links":{"self":[{"href":"https:\/\/kspcieszyn.diecezjabielsko.pl\/index.php\/wp-json\/wp\/v2\/posts\/1580","targetHints":{"allow":["GET"]}}],"collection":[{"href":"https:\/\/kspcieszyn.diecezjabielsko.pl\/index.php\/wp-json\/wp\/v2\/posts"}],"about":[{"href":"https:\/\/kspcieszyn.diecezjabielsko.pl\/index.php\/wp-json\/wp\/v2\/types\/post"}],"author":[{"embeddable":true,"href":"https:\/\/kspcieszyn.diecezjabielsko.pl\/index.php\/wp-json\/wp\/v2\/users\/5"}],"replies":[{"embeddable":true,"href":"https:\/\/kspcieszyn.diecezjabielsko.pl\/index.php\/wp-json\/wp\/v2\/comments?post=1580"}],"version-history":[{"count":3,"href":"https:\/\/kspcieszyn.diecezjabielsko.pl\/index.php\/wp-json\/wp\/v2\/posts\/1580\/revisions"}],"predecessor-version":[{"id":1590,"href":"https:\/\/kspcieszyn.diecezjabielsko.pl\/index.php\/wp-json\/wp\/v2\/posts\/1580\/revisions\/1590"}],"wp:featuredmedia":[{"embeddable":true,"href":"https:\/\/kspcieszyn.diecezjabielsko.pl\/index.php\/wp-json\/wp\/v2\/media\/1585"}],"wp:attachment":[{"href":"https:\/\/kspcieszyn.diecezjabielsko.pl\/index.php\/wp-json\/wp\/v2\/media?parent=1580"}],"wp:term":[{"taxonomy":"category","embeddable":true,"href":"https:\/\/kspcieszyn.diecezjabielsko.pl\/index.php\/wp-json\/wp\/v2\/categories?post=1580"},{"taxonomy":"post_tag","embeddable":true,"href":"https:\/\/kspcieszyn.diecezjabielsko.pl\/index.php\/wp-json\/wp\/v2\/tags?post=1580"}],"curies":[{"name":"wp","href":"https:\/\/api.w.org\/{rel}","templated":true}]}}