{"id":1566,"date":"2026-04-28T11:41:14","date_gmt":"2026-04-28T09:41:14","guid":{"rendered":"https:\/\/kspcieszyn.diecezjabielsko.pl\/?p=1566"},"modified":"2026-04-28T11:42:21","modified_gmt":"2026-04-28T09:42:21","slug":"bieg-fortuna","status":"publish","type":"post","link":"https:\/\/kspcieszyn.diecezjabielsko.pl\/index.php\/2026\/04\/28\/bieg-fortuna\/","title":{"rendered":"Bieg Fortuna"},"content":{"rendered":"<p>[et_pb_section fb_built=&#8221;1&#8243; _builder_version=&#8221;4.27.5&#8243; _module_preset=&#8221;default&#8221; global_colors_info=&#8221;{}&#8221;][et_pb_row _builder_version=&#8221;4.27.5&#8243; _module_preset=&#8221;default&#8221; global_colors_info=&#8221;{}&#8221;][et_pb_column type=&#8221;4_4&#8243; _builder_version=&#8221;4.27.5&#8243; _module_preset=&#8221;default&#8221; global_colors_info=&#8221;{}&#8221;][et_pb_text _builder_version=&#8221;4.27.5&#8243; _module_preset=&#8221;default&#8221; global_colors_info=&#8221;{}&#8221;]<\/p>\n<p>26 kwietnia odby\u0142 si\u0119 Bieg M\u0142odzie\u017cowy &#8221; Fortuna&#8221;. Nasz\u0105 szko\u0142\u0119 reprezentowali nast\u0119puj\u0105cy uczniowie:<br \/>Rocznik 2010-2012<br \/>Dziewcz\u0119ta:<br \/>1. Aleksandra Zenderowska<br \/>2. Paulina Knopik<br \/>3. Lena Milczarek<br \/>Ch\u0142opcy:<br \/>1. Igor Cybuch<br \/>2. Jakub Fo\u0142ta<br \/>3. Wojciech Franek<br \/>4. Mateusz Juroszek<br \/>5. Aron Ostrowski <br \/>Rocznik 2013-2015<br \/>Dziewcz\u0119ta:<br \/>1. Vladyslava Manshyny<br \/>2. Helena Andrzejewska<br \/>3. Sophie Geller<br \/>4. Tola Cybuch<\/p>\n<p>Wszystkim uczestnikom serdecznie gratulujemy!!<\/p>\n<p>[\/et_pb_text][\/et_pb_column][\/et_pb_row][et_pb_row _builder_version=&#8221;4.27.5&#8243; _module_preset=&#8221;default&#8221; global_colors_info=&#8221;{}&#8221;][et_pb_column type=&#8221;4_4&#8243; _builder_version=&#8221;4.27.5&#8243; _module_preset=&#8221;default&#8221; global_colors_info=&#8221;{}&#8221;][et_pb_gallery gallery_ids=&#8221;1568,1569,1570,1571,1572,1573,1574&#8243; _builder_version=&#8221;4.27.5&#8243; _module_preset=&#8221;default&#8221; global_colors_info=&#8221;{}&#8221;][\/et_pb_gallery][\/et_pb_column][\/et_pb_row][\/et_pb_section]<\/p>\n","protected":false},"excerpt":{"rendered":"<p>26 kwietnia odby\u0142 si\u0119 Bieg M\u0142odzie\u017cowy &#8221; Fortuna&#8221;. Nasz\u0105 szko\u0142\u0119 reprezentowali nast\u0119puj\u0105cy uczniowie:Rocznik 2010-2012Dziewcz\u0119ta:1. Aleksandra Zenderowska2. Paulina Knopik3. Lena MilczarekCh\u0142opcy:1. Igor Cybuch2. Jakub Fo\u0142ta3. Wojciech Franek4. Mateusz Juroszek5. Aron Ostrowski Rocznik 2013-2015Dziewcz\u0119ta:1. Vladyslava Manshyny2. Helena Andrzejewska3. Sophie Geller4. Tola Cybuch Wszystkim uczestnikom serdecznie gratulujemy!!<\/p>\n","protected":false},"author":5,"featured_media":1570,"comment_status":"closed","ping_status":"open","sticky":false,"template":"","format":"standard","meta":{"_et_pb_use_builder":"on","_et_pb_old_content":"","_et_gb_content_width":"","footnotes":""},"categories":[7,6],"tags":[],"class_list":["post-1566","post","type-post","status-publish","format-standard","has-post-thumbnail","hentry","category-konkursy","category-wydarzenia-szkolne"],"_links":{"self":[{"href":"https:\/\/kspcieszyn.diecezjabielsko.pl\/index.php\/wp-json\/wp\/v2\/posts\/1566","targetHints":{"allow":["GET"]}}],"collection":[{"href":"https:\/\/kspcieszyn.diecezjabielsko.pl\/index.php\/wp-json\/wp\/v2\/posts"}],"about":[{"href":"https:\/\/kspcieszyn.diecezjabielsko.pl\/index.php\/wp-json\/wp\/v2\/types\/post"}],"author":[{"embeddable":true,"href":"https:\/\/kspcieszyn.diecezjabielsko.pl\/index.php\/wp-json\/wp\/v2\/users\/5"}],"replies":[{"embeddable":true,"href":"https:\/\/kspcieszyn.diecezjabielsko.pl\/index.php\/wp-json\/wp\/v2\/comments?post=1566"}],"version-history":[{"count":4,"href":"https:\/\/kspcieszyn.diecezjabielsko.pl\/index.php\/wp-json\/wp\/v2\/posts\/1566\/revisions"}],"predecessor-version":[{"id":1579,"href":"https:\/\/kspcieszyn.diecezjabielsko.pl\/index.php\/wp-json\/wp\/v2\/posts\/1566\/revisions\/1579"}],"wp:featuredmedia":[{"embeddable":true,"href":"https:\/\/kspcieszyn.diecezjabielsko.pl\/index.php\/wp-json\/wp\/v2\/media\/1570"}],"wp:attachment":[{"href":"https:\/\/kspcieszyn.diecezjabielsko.pl\/index.php\/wp-json\/wp\/v2\/media?parent=1566"}],"wp:term":[{"taxonomy":"category","embeddable":true,"href":"https:\/\/kspcieszyn.diecezjabielsko.pl\/index.php\/wp-json\/wp\/v2\/categories?post=1566"},{"taxonomy":"post_tag","embeddable":true,"href":"https:\/\/kspcieszyn.diecezjabielsko.pl\/index.php\/wp-json\/wp\/v2\/tags?post=1566"}],"curies":[{"name":"wp","href":"https:\/\/api.w.org\/{rel}","templated":true}]}}