{"id":1558,"date":"2026-04-28T09:51:04","date_gmt":"2026-04-28T07:51:04","guid":{"rendered":"https:\/\/kspcieszyn.diecezjabielsko.pl\/?p=1558"},"modified":"2026-04-28T09:51:44","modified_gmt":"2026-04-28T07:51:44","slug":"wycieczka-do-inwaldu","status":"publish","type":"post","link":"https:\/\/kspcieszyn.diecezjabielsko.pl\/index.php\/2026\/04\/28\/wycieczka-do-inwaldu\/","title":{"rendered":"Wycieczka do Inwa\u0142du"},"content":{"rendered":"<p>[et_pb_section fb_built=&#8221;1&#8243; _builder_version=&#8221;4.27.5&#8243; _module_preset=&#8221;default&#8221; global_colors_info=&#8221;{}&#8221;][et_pb_row _builder_version=&#8221;4.27.5&#8243; _module_preset=&#8221;default&#8221; hover_enabled=&#8221;0&#8243; global_colors_info=&#8221;{}&#8221; sticky_enabled=&#8221;0&#8243;][et_pb_column type=&#8221;4_4&#8243; _builder_version=&#8221;4.27.5&#8243; _module_preset=&#8221;default&#8221; global_colors_info=&#8221;{}&#8221;][et_pb_text _builder_version=&#8221;4.27.5&#8243; _module_preset=&#8221;default&#8221; hover_enabled=&#8221;0&#8243; global_colors_info=&#8221;{}&#8221; sticky_enabled=&#8221;0&#8243;]<\/p>\n<p>Wycieczka do Inwa\u0142du<br \/>Najpierw by\u0142y pysze i pracowite s\u0142odkie przerwy klasy 6, a potem, po podliczeniu zebranych kwot &#8211; radosny i beztroski wyjazd razem z klas\u0105 7 do &#8222;\u015awiata Marze\u0144&#8221; w Inwa\u0142dzie. Tam zwiedzili\u015bmy \u015bwiat w miniaturze, ogl\u0105daj\u0105c z przewodnikiem makiety najs\u0142ynniejszych budynk\u00f3w. Potem spe\u0142niali\u015bmy marzenia m. in.\u017cegluj\u0105c w\u015br\u00f3d chmur pirack\u0105 \u0142odzi\u0105, je\u017cd\u017c\u0105c autkami, strzelaj\u0105c z \u0142uku i p\u0142ywaj\u0105c na tratwach. Ba, w \u015bredniowiecznej warowni czeka\u0142 na nas nawet&#8230; laserowy paintball!<br \/>Nic dziwnego, \u017ce do &#8222;\u015awiata Marze\u0144&#8221; ch\u0119tnie powr\u00f3ciliby\u015bmy jeszcze raz &#x1f44d;&#x1f60d;<\/p>\n<p><span style=\"color: #0000ff;\"><strong><a href=\"https:\/\/www.facebook.com\/reel\/1466193081050871?locale=pl_PL\" style=\"color: #0000ff;\">Kliknij aby obejrze\u0107 wideorelacj\u0119 z wycieczki<\/a><\/strong><\/span><\/p>\n<p>&nbsp;<\/p>\n<p>[\/et_pb_text][\/et_pb_column][\/et_pb_row][\/et_pb_section]<\/p>\n","protected":false},"excerpt":{"rendered":"<p>Wycieczka do Inwa\u0142duNajpierw by\u0142y pysze i pracowite s\u0142odkie przerwy klasy 6, a potem, po podliczeniu zebranych kwot &#8211; radosny i beztroski wyjazd razem z klas\u0105 7 do &#8222;\u015awiata Marze\u0144&#8221; w Inwa\u0142dzie. Tam zwiedzili\u015bmy \u015bwiat w miniaturze, ogl\u0105daj\u0105c z przewodnikiem makiety najs\u0142ynniejszych budynk\u00f3w. Potem spe\u0142niali\u015bmy marzenia m. in.\u017cegluj\u0105c w\u015br\u00f3d chmur pirack\u0105 \u0142odzi\u0105, je\u017cd\u017c\u0105c autkami, strzelaj\u0105c z [&hellip;]<\/p>\n","protected":false},"author":5,"featured_media":1561,"comment_status":"closed","ping_status":"open","sticky":false,"template":"","format":"standard","meta":{"_et_pb_use_builder":"on","_et_pb_old_content":"","_et_gb_content_width":"","footnotes":""},"categories":[6],"tags":[],"class_list":["post-1558","post","type-post","status-publish","format-standard","has-post-thumbnail","hentry","category-wydarzenia-szkolne"],"_links":{"self":[{"href":"https:\/\/kspcieszyn.diecezjabielsko.pl\/index.php\/wp-json\/wp\/v2\/posts\/1558","targetHints":{"allow":["GET"]}}],"collection":[{"href":"https:\/\/kspcieszyn.diecezjabielsko.pl\/index.php\/wp-json\/wp\/v2\/posts"}],"about":[{"href":"https:\/\/kspcieszyn.diecezjabielsko.pl\/index.php\/wp-json\/wp\/v2\/types\/post"}],"author":[{"embeddable":true,"href":"https:\/\/kspcieszyn.diecezjabielsko.pl\/index.php\/wp-json\/wp\/v2\/users\/5"}],"replies":[{"embeddable":true,"href":"https:\/\/kspcieszyn.diecezjabielsko.pl\/index.php\/wp-json\/wp\/v2\/comments?post=1558"}],"version-history":[{"count":5,"href":"https:\/\/kspcieszyn.diecezjabielsko.pl\/index.php\/wp-json\/wp\/v2\/posts\/1558\/revisions"}],"predecessor-version":[{"id":1565,"href":"https:\/\/kspcieszyn.diecezjabielsko.pl\/index.php\/wp-json\/wp\/v2\/posts\/1558\/revisions\/1565"}],"wp:featuredmedia":[{"embeddable":true,"href":"https:\/\/kspcieszyn.diecezjabielsko.pl\/index.php\/wp-json\/wp\/v2\/media\/1561"}],"wp:attachment":[{"href":"https:\/\/kspcieszyn.diecezjabielsko.pl\/index.php\/wp-json\/wp\/v2\/media?parent=1558"}],"wp:term":[{"taxonomy":"category","embeddable":true,"href":"https:\/\/kspcieszyn.diecezjabielsko.pl\/index.php\/wp-json\/wp\/v2\/categories?post=1558"},{"taxonomy":"post_tag","embeddable":true,"href":"https:\/\/kspcieszyn.diecezjabielsko.pl\/index.php\/wp-json\/wp\/v2\/tags?post=1558"}],"curies":[{"name":"wp","href":"https:\/\/api.w.org\/{rel}","templated":true}]}}