{"id":1169,"date":"2026-03-13T15:16:29","date_gmt":"2026-03-13T14:16:29","guid":{"rendered":"https:\/\/kspcieszyn.diecezjabielsko.pl\/?p=1169"},"modified":"2026-03-13T15:16:29","modified_gmt":"2026-03-13T14:16:29","slug":"rekolekcje-wielkopostne","status":"publish","type":"post","link":"https:\/\/kspcieszyn.diecezjabielsko.pl\/index.php\/2026\/03\/13\/rekolekcje-wielkopostne\/","title":{"rendered":"Rekolekcje Wielkopostne"},"content":{"rendered":"<p>[et_pb_section fb_built=&#8221;1&#8243; theme_builder_area=&#8221;post_content&#8221; _builder_version=&#8221;4.27.5&#8243; _module_preset=&#8221;default&#8221;][et_pb_row _builder_version=&#8221;4.27.5&#8243; _module_preset=&#8221;default&#8221; theme_builder_area=&#8221;post_content&#8221;][et_pb_column _builder_version=&#8221;4.27.5&#8243; _module_preset=&#8221;default&#8221; type=&#8221;4_4&#8243; theme_builder_area=&#8221;post_content&#8221;][et_pb_text _builder_version=&#8221;4.27.5&#8243; _module_preset=&#8221;default&#8221; theme_builder_area=&#8221;post_content&#8221; hover_enabled=&#8221;0&#8243; sticky_enabled=&#8221;0&#8243;]<\/p>\n<p>W dniach 16\u201318 marca odb\u0119d\u0105 si\u0119 rekolekcje dla dzieci ze szk\u00f3\u0142 podstawowych znajduj\u0105cych si\u0119 na terenie naszej parafii. Poprowadzi je pan Artur Skowron \u2013 katecheta dzieci, ewangelizator oraz za\u0142o\u017cyciel wsp\u00f3lnoty \u201eKompania Jonatana\u201d we Wroc\u0142awiu. Polecamy Pa\u0144stwa modlitwie prowadz\u0105cego oraz ca\u0142e dzie\u0142o rekolekcji.<\/p>\n<p>Tematem tegorocznych rekolekcji b\u0119dzie historia Jonasza: \u201eB\u00f3g zna mnie po imieniu. Historia o tym, jak B\u00f3g szuka drogi do naszego serca.\u201d<\/p>\n<p>[\/et_pb_text][\/et_pb_column][\/et_pb_row][\/et_pb_section]<\/p>\n","protected":false},"excerpt":{"rendered":"<p>W dniach 16\u201318 marca odb\u0119d\u0105 si\u0119 rekolekcje dla dzieci ze szk\u00f3\u0142 podstawowych znajduj\u0105cych si\u0119 na terenie naszej parafii. Poprowadzi je pan Artur Skowron \u2013 katecheta dzieci, ewangelizator oraz za\u0142o\u017cyciel wsp\u00f3lnoty \u201eKompania Jonatana\u201d we Wroc\u0142awiu. Polecamy Pa\u0144stwa modlitwie prowadz\u0105cego oraz ca\u0142e dzie\u0142o rekolekcji. Tematem tegorocznych rekolekcji b\u0119dzie historia Jonasza: \u201eB\u00f3g zna mnie po imieniu. Historia o [&hellip;]<\/p>\n","protected":false},"author":5,"featured_media":1170,"comment_status":"closed","ping_status":"open","sticky":false,"template":"","format":"standard","meta":{"_et_pb_use_builder":"on","_et_pb_old_content":"","_et_gb_content_width":"","footnotes":""},"categories":[6],"tags":[],"class_list":["post-1169","post","type-post","status-publish","format-standard","has-post-thumbnail","hentry","category-wydarzenia-szkolne"],"_links":{"self":[{"href":"https:\/\/kspcieszyn.diecezjabielsko.pl\/index.php\/wp-json\/wp\/v2\/posts\/1169","targetHints":{"allow":["GET"]}}],"collection":[{"href":"https:\/\/kspcieszyn.diecezjabielsko.pl\/index.php\/wp-json\/wp\/v2\/posts"}],"about":[{"href":"https:\/\/kspcieszyn.diecezjabielsko.pl\/index.php\/wp-json\/wp\/v2\/types\/post"}],"author":[{"embeddable":true,"href":"https:\/\/kspcieszyn.diecezjabielsko.pl\/index.php\/wp-json\/wp\/v2\/users\/5"}],"replies":[{"embeddable":true,"href":"https:\/\/kspcieszyn.diecezjabielsko.pl\/index.php\/wp-json\/wp\/v2\/comments?post=1169"}],"version-history":[{"count":2,"href":"https:\/\/kspcieszyn.diecezjabielsko.pl\/index.php\/wp-json\/wp\/v2\/posts\/1169\/revisions"}],"predecessor-version":[{"id":1172,"href":"https:\/\/kspcieszyn.diecezjabielsko.pl\/index.php\/wp-json\/wp\/v2\/posts\/1169\/revisions\/1172"}],"wp:featuredmedia":[{"embeddable":true,"href":"https:\/\/kspcieszyn.diecezjabielsko.pl\/index.php\/wp-json\/wp\/v2\/media\/1170"}],"wp:attachment":[{"href":"https:\/\/kspcieszyn.diecezjabielsko.pl\/index.php\/wp-json\/wp\/v2\/media?parent=1169"}],"wp:term":[{"taxonomy":"category","embeddable":true,"href":"https:\/\/kspcieszyn.diecezjabielsko.pl\/index.php\/wp-json\/wp\/v2\/categories?post=1169"},{"taxonomy":"post_tag","embeddable":true,"href":"https:\/\/kspcieszyn.diecezjabielsko.pl\/index.php\/wp-json\/wp\/v2\/tags?post=1169"}],"curies":[{"name":"wp","href":"https:\/\/api.w.org\/{rel}","templated":true}]}}