{"id":1113,"date":"2026-03-06T14:08:49","date_gmt":"2026-03-06T13:08:49","guid":{"rendered":"https:\/\/kspcieszyn.diecezjabielsko.pl\/?p=1113"},"modified":"2026-03-06T14:10:38","modified_gmt":"2026-03-06T13:10:38","slug":"relacja-z-dnia-otwartego-dla-przyszlych-pierwszoklasistow","status":"publish","type":"post","link":"https:\/\/kspcieszyn.diecezjabielsko.pl\/index.php\/2026\/03\/06\/relacja-z-dnia-otwartego-dla-przyszlych-pierwszoklasistow\/","title":{"rendered":"Relacja z Dnia Otwartego dla przysz\u0142ych pierwszoklasist\u00f3w"},"content":{"rendered":"\n[et_pb_section fb_built=&#8221;1&#8243; theme_builder_area=&#8221;post_content&#8221; _builder_version=&#8221;4.27.5&#8243; _module_preset=&#8221;default&#8221;][et_pb_row _builder_version=&#8221;4.27.5&#8243; _module_preset=&#8221;default&#8221; theme_builder_area=&#8221;post_content&#8221;][et_pb_column _builder_version=&#8221;4.27.5&#8243; _module_preset=&#8221;default&#8221; type=&#8221;4_4&#8243; theme_builder_area=&#8221;post_content&#8221;][et_pb_text _builder_version=&#8221;4.27.5&#8243; _module_preset=&#8221;default&#8221; theme_builder_area=&#8221;post_content&#8221; hover_enabled=&#8221;0&#8243; sticky_enabled=&#8221;0&#8243;]<p>We wtorek w naszej szkole odby\u0142y si\u0119 dni otwarte dla przysz\u0142ych pierwszoklasist\u00f3w &#x1f392;<br \/>Dzieci mia\u0142y okazj\u0119 zobaczy\u0107 jak wygl\u0105da szko\u0142a, wzi\u0105\u0107 udzia\u0142 w ciekawych zaj\u0119ciach oraz pozna\u0107 przysz\u0142\u0105 pani\u0105 wychowawczyni\u0119 &#x1f469;&#x200d;&#x1f3eb;<br \/>By\u0142o to pierwsze spotkanie, jeszcze jedno przed nami, tak\u017ce kto nie m\u00f3g\u0142 by\u0107 niech si\u0119 nie martwi &#x263a;&#xfe0f;<br \/>Zapraszamy serdecznie &#x1f642;<\/p>[\/et_pb_text][\/et_pb_column][\/et_pb_row][\/et_pb_section][et_pb_section fb_built=&#8221;1&#8243; theme_builder_area=&#8221;post_content&#8221; _builder_version=&#8221;4.27.5&#8243; _module_preset=&#8221;default&#8221;][et_pb_row _builder_version=&#8221;4.27.5&#8243; _module_preset=&#8221;default&#8221; theme_builder_area=&#8221;post_content&#8221;][et_pb_column _builder_version=&#8221;4.27.5&#8243; _module_preset=&#8221;default&#8221; type=&#8221;4_4&#8243; theme_builder_area=&#8221;post_content&#8221;][et_pb_gallery _builder_version=&#8221;4.27.5&#8243; _module_preset=&#8221;default&#8221; theme_builder_area=&#8221;post_content&#8221; gallery_ids=&#8221;1114,1115,1116,1117,1118,1119,1120,1121,1122,1123,1124,1125,1126,1127&#8243; hover_enabled=&#8221;0&#8243; sticky_enabled=&#8221;0&#8243;][\/et_pb_gallery][\/et_pb_column][\/et_pb_row][\/et_pb_section]\n","protected":false},"excerpt":{"rendered":"<p>We wtorek w naszej szkole odby\u0142y si\u0119 dni otwarte dla przysz\u0142ych pierwszoklasist\u00f3w &#x1f392;Dzieci mia\u0142y okazj\u0119 zobaczy\u0107 jak wygl\u0105da szko\u0142a, wzi\u0105\u0107 udzia\u0142 w ciekawych zaj\u0119ciach oraz pozna\u0107 przysz\u0142\u0105 pani\u0105 wychowawczyni\u0119 &#x1f469;&#x200d;&#x1f3eb;By\u0142o to pierwsze spotkanie, jeszcze jedno przed nami, tak\u017ce kto nie m\u00f3g\u0142 by\u0107 niech si\u0119 nie martwi &#x263a;&#xfe0f;Zapraszamy serdecznie &#x1f642;<\/p>\n","protected":false},"author":5,"featured_media":1114,"comment_status":"closed","ping_status":"open","sticky":false,"template":"","format":"standard","meta":{"_et_pb_use_builder":"on","_et_pb_old_content":"","_et_gb_content_width":"","footnotes":""},"categories":[6],"tags":[],"class_list":["post-1113","post","type-post","status-publish","format-standard","has-post-thumbnail","hentry","category-wydarzenia-szkolne"],"_links":{"self":[{"href":"https:\/\/kspcieszyn.diecezjabielsko.pl\/index.php\/wp-json\/wp\/v2\/posts\/1113","targetHints":{"allow":["GET"]}}],"collection":[{"href":"https:\/\/kspcieszyn.diecezjabielsko.pl\/index.php\/wp-json\/wp\/v2\/posts"}],"about":[{"href":"https:\/\/kspcieszyn.diecezjabielsko.pl\/index.php\/wp-json\/wp\/v2\/types\/post"}],"author":[{"embeddable":true,"href":"https:\/\/kspcieszyn.diecezjabielsko.pl\/index.php\/wp-json\/wp\/v2\/users\/5"}],"replies":[{"embeddable":true,"href":"https:\/\/kspcieszyn.diecezjabielsko.pl\/index.php\/wp-json\/wp\/v2\/comments?post=1113"}],"version-history":[{"count":3,"href":"https:\/\/kspcieszyn.diecezjabielsko.pl\/index.php\/wp-json\/wp\/v2\/posts\/1113\/revisions"}],"predecessor-version":[{"id":1131,"href":"https:\/\/kspcieszyn.diecezjabielsko.pl\/index.php\/wp-json\/wp\/v2\/posts\/1113\/revisions\/1131"}],"wp:featuredmedia":[{"embeddable":true,"href":"https:\/\/kspcieszyn.diecezjabielsko.pl\/index.php\/wp-json\/wp\/v2\/media\/1114"}],"wp:attachment":[{"href":"https:\/\/kspcieszyn.diecezjabielsko.pl\/index.php\/wp-json\/wp\/v2\/media?parent=1113"}],"wp:term":[{"taxonomy":"category","embeddable":true,"href":"https:\/\/kspcieszyn.diecezjabielsko.pl\/index.php\/wp-json\/wp\/v2\/categories?post=1113"},{"taxonomy":"post_tag","embeddable":true,"href":"https:\/\/kspcieszyn.diecezjabielsko.pl\/index.php\/wp-json\/wp\/v2\/tags?post=1113"}],"curies":[{"name":"wp","href":"https:\/\/api.w.org\/{rel}","templated":true}]}}